{"id":1378,"date":"2026-01-19T08:27:43","date_gmt":"2026-01-19T08:27:43","guid":{"rendered":"https:\/\/sipeia.it\/?p=1378"},"modified":"2026-01-19T08:27:43","modified_gmt":"2026-01-19T08:27:43","slug":"appuntamento-con-letica-dellia-carta-etica-di-urbino-principi-in-azione-tra-universita-e-societa","status":"publish","type":"post","link":"https:\/\/sipeia.it\/?p=1378","title":{"rendered":"Appuntamento con l\u2019Etica dell\u2019IA: &#8220;Carta Etica di Urbino: principi in azione tra universit\u00e0 e societ\u00e0&#8221;"},"content":{"rendered":"\n<p>Sabato 24 gennaio si terr\u00e0 il convegno online interamente dedicato all\u2019etica dell\u2019intelligenza artificiale: dai criteri per orientare decisioni che riguardano salute, lavoro e ambiente, fino alla cornice normativa europea e italiana e alle ricadute operative, grazie anche al confronto con associazioni, sindacati e realt\u00e0 professionali.<\/p>\n\n\n\n<p>Il convegno \u00e8 collegato alla Summer School 2025, dove la <strong>&#8220;Carta Etica di Urbino&#8221;<\/strong> \u00e8 stata presentata come strumento di responsabilit\u00e0 condivisa tra universit\u00e0 e societ\u00e0 civile. In continuit\u00e0 formativa, viene inoltre annunciata la Summer School 2026 su \u201cEtica, Bioetica e Intelligenza Artificiale\u201d che si svolger\u00e0 ad Urbino, dal 24 al 30 agosto.<\/p>\n\n\n\n<p>L&#8217;evento si svolger\u00e0 online sulla piattaforma Webex (UniTo) dalle 9:00 alle 16:30.<\/p>\n\n\n\n<p>\ud83d\udd17 <strong>Link di accesso:<\/strong> <a href=\"https:\/\/unito.webex.com\/unito\/j.php?MTID=m5d2c958cd57f7072dad0e3a40b425bf5\" target=\"_blank\" rel=\"noreferrer noopener\">https:\/\/unito.webex.com\/unito\/j.php?MTID=m5d2c958cd57f7072dad0e3a40b425bf5<\/a><\/p>\n\n\n\n<p>\ud83d\udd22 <strong>Numero riunione:<\/strong> 2790 970 5827<\/p>\n\n\n\n<p>\ud83d\udd11 <strong>Password:<\/strong> Urb-2026<\/p>\n\n\n\n<p>Clicca <a href=\"https:\/\/sipeia.it\/wp-content\/uploads\/2026\/01\/Programma-ConvegnoCartaEticaUrbino-24-gennaio.jpg\">qui<\/a> per visionare il programma completo dell&#8217;evento.<\/p>\n","protected":false},"excerpt":{"rendered":"<p>Sabato 24 gennaio si terr\u00e0 il convegno online interamente dedicato all\u2019etica dell\u2019intelligenza artificiale: dai criteri per orientare decisioni che riguardano salute, lavoro e ambiente, fino alla cornice normativa europea e italiana e alle ricadute operative, grazie anche al confronto con associazioni, sindacati e realt\u00e0 professionali. Il convegno \u00e8 collegato alla Summer School 2025, dove la <a href=\"https:\/\/sipeia.it\/?p=1378\" class=\"more-link\">[&hellip;]<\/a><\/p>\n","protected":false},"author":5,"featured_media":1381,"comment_status":"open","ping_status":"open","sticky":false,"template":"","format":"standard","meta":{"footnotes":""},"categories":[27],"tags":[],"_links":{"self":[{"href":"https:\/\/sipeia.it\/index.php?rest_route=\/wp\/v2\/posts\/1378"}],"collection":[{"href":"https:\/\/sipeia.it\/index.php?rest_route=\/wp\/v2\/posts"}],"about":[{"href":"https:\/\/sipeia.it\/index.php?rest_route=\/wp\/v2\/types\/post"}],"author":[{"embeddable":true,"href":"https:\/\/sipeia.it\/index.php?rest_route=\/wp\/v2\/users\/5"}],"replies":[{"embeddable":true,"href":"https:\/\/sipeia.it\/index.php?rest_route=%2Fwp%2Fv2%2Fcomments&post=1378"}],"version-history":[{"count":1,"href":"https:\/\/sipeia.it\/index.php?rest_route=\/wp\/v2\/posts\/1378\/revisions"}],"predecessor-version":[{"id":1380,"href":"https:\/\/sipeia.it\/index.php?rest_route=\/wp\/v2\/posts\/1378\/revisions\/1380"}],"wp:featuredmedia":[{"embeddable":true,"href":"https:\/\/sipeia.it\/index.php?rest_route=\/wp\/v2\/media\/1381"}],"wp:attachment":[{"href":"https:\/\/sipeia.it\/index.php?rest_route=%2Fwp%2Fv2%2Fmedia&parent=1378"}],"wp:term":[{"taxonomy":"category","embeddable":true,"href":"https:\/\/sipeia.it\/index.php?rest_route=%2Fwp%2Fv2%2Fcategories&post=1378"},{"taxonomy":"post_tag","embeddable":true,"href":"https:\/\/sipeia.it\/index.php?rest_route=%2Fwp%2Fv2%2Ftags&post=1378"}],"curies":[{"name":"wp","href":"https:\/\/api.w.org\/{rel}","templated":true}]}}